{"id":127209,"date":"2024-08-21T11:36:47","date_gmt":"2024-08-21T11:36:47","guid":{"rendered":"https:\/\/gpdstore.net\/a-mini-laptopok-es-kezi-szamitogepek-jovoje-a-jatekhoz-2024-2025-es-azon-tul\/"},"modified":"2025-06-19T08:33:54","modified_gmt":"2025-06-19T08:33:54","slug":"the-future-of-mini-laptops-and-handheld-pcs-for-gaming","status":"publish","type":"post","link":"https:\/\/gpdstore.net\/hu\/blog\/the-future-of-mini-laptops-and-handheld-pcs-for-gaming\/","title":{"rendered":"A mini laptopok \u00e9s k\u00e9zi sz\u00e1m\u00edt\u00f3g\u00e9pek j\u00f6v\u0151je a j\u00e1t\u00e9khoz: 2024\/2025 \u00e9s azon t\u00fal"},"content":{"rendered":"\n<p>A j\u00e1t\u00e9kra sz\u00e1nt mini laptopok \u00e9s k\u00e9zi PC-k piaca 2024-ben \u00e9s azon t\u00fal is jelent\u0151s fejl\u0151d\u00e9sre sz\u00e1m\u00edthat, \u00e9s a GPD \u00e9len j\u00e1r az\u00e1ltal, hogy az AMD nagy teljes\u00edtm\u00e9ny\u0171 Ryzen AI 9 HX 370 processzor\u00e1t be\u00e9p\u00edti a k\u00e9sz\u00fcl\u0151 k\u00e9sz\u00fcl\u00e9keibe. A <a href=\"https:\/\/gpdstore.net\/hu\/fekete-pentek-2024\/gpd-duo-2\/\" data-type=\"link\" data-id=\"https:\/\/gpdstore.net\/laptops\/gpd-duo\/\" target=\"_blank\" rel=\"noreferrer noopener\">GPD Duo<\/a> \u00e9s a <a href=\"https:\/\/gpdstore.net\/gpd-mini-laptop\/gpd-pocket-4\/\" data-type=\"link\" data-id=\"https:\/\/gpdstore.net\/gpd-mini-laptop\/gpd-pocket-4\/\" target=\"_blank\" rel=\"noreferrer noopener\">GPD Pocket 4<\/a> lesznek az els\u0151 olyan k\u00e9sz\u00fcl\u00e9kek, amelyekben ez a cs\u00facstechnol\u00f3gi\u00e1t k\u00e9pvisel\u0151 chip tal\u00e1lhat\u00f3, \u00e9s olyan megn\u00f6velt teljes\u00edtm\u00e9nyt \u00e9s AI k\u00e9pess\u00e9geket \u00edg\u00e9rnek, amelyek \u00e1tform\u00e1lhatj\u00e1k a hordozhat\u00f3 j\u00e1t\u00e9kok \u00e9s a termel\u00e9kenys\u00e9g ter\u00fclet\u00e9t. <\/p>\n\n<h2 class=\"wp-block-heading\">Az AMD Ryzen AI 9 HX 370 felemelked\u00e9se a k\u00e9zi eszk\u00f6z\u00f6kben<\/h2>\n\n<p>Az AMD <a href=\"https:\/\/gpdstore.net\/product-attribute\/processor-cpu-model\/ryzen-ai-9-hx-370\/\" target=\"_blank\" data-type=\"link\" data-id=\"https:\/\/gpdstore.net\/product-attribute\/processor-cpu-model\/ryzen-ai-9-hx-370\/\" rel=\"noreferrer noopener\">Ryzen AI 9 HX 370<\/a> processzor jelent\u0151s el\u0151rel\u00e9p\u00e9st jelent a mobil sz\u00e1m\u00edt\u00e1stechnika ter\u00e9n, k\u00fcl\u00f6n\u00f6sen a k\u00e9zi j\u00e1t\u00e9keszk\u00f6z\u00f6k \u00e9s a laptopok eset\u00e9ben. Az AMD Strix Point csal\u00e1dj\u00e1ba tartoz\u00f3 lapka a fejlett CPU \u00e9s GPU k\u00e9pess\u00e9geket kombin\u00e1lja dedik\u00e1lt AI-feldolgoz\u00e1ssal, \u00edgy er\u0151s versenyz\u0151v\u00e9 v\u00e1lik a gyorsan fejl\u0151d\u0151, j\u00e1t\u00e9kra sz\u00e1nt k\u00e9zi PC-k piac\u00e1n. A Ryzen AI 9 HX 370 k\u00f6z\u00e9ppontj\u00e1ban egy hibrid magarchitekt\u00fara \u00e1ll, amely 4 Zen 5 magot \u00e9s 8 Zen 5c magot tartalmaz, \u00f6sszesen 12 magot \u00e9s 24 sz\u00e1lat. Ez a konfigur\u00e1ci\u00f3 lehet\u0151v\u00e9 teszi a nagy teljes\u00edtm\u00e9ny\u0171 sz\u00e1m\u00edt\u00e1stechnika \u00e9s az energiahat\u00e9konys\u00e1g k\u00f6z\u00f6tti egyens\u00falyt, ami elengedhetetlen a hordozhat\u00f3 eszk\u00f6z\u00f6k eset\u00e9ben. A processzor 2,0 GHz-es alap\u00f3rajel\u00e9vel b\u00fcszk\u00e9lkedhet, \u00e9s ak\u00e1r 5,1 GHz-re is k\u00e9pes felturb\u00f3zni, \u00edgy b\u0151s\u00e9ges feldolgoz\u00e1si teljes\u00edtm\u00e9nyt biztos\u00edt az ig\u00e9nyes feladatokhoz \u00e9s j\u00e1t\u00e9kokhoz.    <\/p>\n\n<figure class=\"wp-block-image aligncenter size-large\"><a href=\"https:\/\/gpdstore.net\/wp-content\/uploads\/2024\/08\/GPD-Pocket-4-AMD-Ryzen-AI-9-HX-370-CPU-1200x675.jpg\"><img fetchpriority=\"high\" decoding=\"async\" width=\"1200\" height=\"675\" src=\"https:\/\/gpdstore.net\/wp-content\/uploads\/2024\/08\/GPD-Pocket-4-AMD-Ryzen-AI-9-HX-370-CPU-1200x675.jpg\" alt=\"AMD Ryzen AI 9 HX 370 CPU\" class=\"wp-image-2542\" srcset=\"https:\/\/gpdstore.net\/wp-content\/uploads\/2024\/08\/GPD-Pocket-4-AMD-Ryzen-AI-9-HX-370-CPU-1200x675.jpg 1200w, https:\/\/gpdstore.net\/wp-content\/uploads\/2024\/08\/GPD-Pocket-4-AMD-Ryzen-AI-9-HX-370-CPU-600x338.jpg 600w, https:\/\/gpdstore.net\/wp-content\/uploads\/2024\/08\/GPD-Pocket-4-AMD-Ryzen-AI-9-HX-370-CPU-768x432.jpg 768w, https:\/\/gpdstore.net\/wp-content\/uploads\/2024\/08\/GPD-Pocket-4-AMD-Ryzen-AI-9-HX-370-CPU-1536x864.jpg 1536w, https:\/\/gpdstore.net\/wp-content\/uploads\/2024\/08\/GPD-Pocket-4-AMD-Ryzen-AI-9-HX-370-CPU-2048x1152.jpg 2048w, https:\/\/gpdstore.net\/wp-content\/uploads\/2024\/08\/GPD-Pocket-4-AMD-Ryzen-AI-9-HX-370-CPU-990x557.jpg 990w, https:\/\/gpdstore.net\/wp-content\/uploads\/2024\/08\/GPD-Pocket-4-AMD-Ryzen-AI-9-HX-370-CPU-441x248.jpg 441w, https:\/\/gpdstore.net\/wp-content\/uploads\/2024\/08\/GPD-Pocket-4-AMD-Ryzen-AI-9-HX-370-CPU-150x84.jpg 150w\" sizes=\"(max-width: 1200px) 100vw, 1200px\" \/><\/a><figcaption class=\"wp-element-caption\">AMD Ryzen AI 9 HX 370 CPU<\/figcaption><\/figure>\n\n<p>A HX 370 egyik legjelent\u0151sebb jellemz\u0151je az integr\u00e1lt <a href=\"https:\/\/gpdstore.net\/hu\/product-attribute\/graphics-gpu-model\/radeon-890m-hu\/\" target=\"_blank\" data-type=\"link\" data-id=\"https:\/\/gpdstore.net\/product-attribute\/graphics-gpu-model\/radeon-890m\/\" rel=\"noreferrer noopener\">Radeon 890M<\/a> grafikus processzor, amely az RDNA 3.5 architekt\u00far\u00e1n alapul. Ez az iGPU 16 sz\u00e1m\u00edt\u00e1si egys\u00e9g\u00e9vel \u00e9s ak\u00e1r 2900 MHz-es \u00f3rajel\u00e9vel az AMD eddigi leger\u0151sebb integr\u00e1lt grafikus megold\u00e1s\u00e1t k\u00e9pviseli, amelyet mobil eszk\u00f6z\u00f6kh\u00f6z valaha is kiadott. A grafikus teljes\u00edtm\u00e9ny jelent\u0151s n\u00f6veked\u00e9se k\u00fcl\u00f6n\u00f6sen izgalmas a hordozhat\u00f3 j\u00e1t\u00e9kos PC-k sz\u00e1m\u00e1ra, mivel a kor\u00e1bbi gener\u00e1ci\u00f3khoz k\u00e9pest ak\u00e1r 33%-os k\u00e9pkockasebess\u00e9g-javul\u00e1st \u00edg\u00e9r.  <\/p>\n\n<p>A chip tartalmazza az AMD XDNA 2 architekt\u00far\u00e1j\u00e1t is az AI feldolgoz\u00e1shoz, amely 50 TOPS (Trillion Operations Per Second) AI teljes\u00edtm\u00e9nyre k\u00e9pes. Ez a dedik\u00e1lt neur\u00e1lis feldolgoz\u00f3 egys\u00e9g (NPU) k\u00f6zvetlen\u00fcl az eszk\u00f6z\u00f6n teszi lehet\u0151v\u00e9 a fejlett AI funkci\u00f3kat, amelyek az AI \u00e1ltal vez\u00e9relt grafikai fejleszt\u00e9sek, az adapt\u00edv j\u00e1t\u00e9kmenet \u00e9s a kifinomultabb j\u00e1t\u00e9kbeli megold\u00e1sok r\u00e9v\u00e9n potenci\u00e1lisan jav\u00edtj\u00e1k a j\u00e1t\u00e9k\u00e9lm\u00e9nyt. <\/p>\n<div data-block-name=\"woocommerce\/featured-product\" data-edit-mode=\"false\" data-image-fit=\"cover\" data-product-id=\"355374\" data-show-desc=\"false\" class=\"wc-block-featured-product alignnone has-background-dim wp-block-woocommerce-featured-product\" style=\"min-height:500px;\"><div class=\"wc-block-featured-product__wrapper\"><div class=\"background-dim__overlay\" style=\"background-color: #000000\"><\/div><img decoding=\"async\" alt=\"GPD DUO Mini laptop\" class=\"wc-block-featured-product__background-image\" src=\"https:\/\/gpdstore.net\/wp-content\/uploads\/2024\/08\/GPD-DUO-LISTING-INFOGRAPHICS-01-GENERIC-1200x1200.png\" style=\"object-fit: cover;object-position: 50% 50%;\" \/><h2 class=\"wc-block-featured-product__title\">GPD DUO Mini laptop<\/h2><div class=\"wc-block-featured-product__price\"><span class=\"woocommerce-Price-amount amount\" aria-hidden=\"true\">680 184,85&nbsp;<span class=\"woocommerce-Price-currencySymbol\">&#070;&#116;<\/span><\/span> <span aria-hidden=\"true\">&ndash;<\/span> <span class=\"woocommerce-Price-amount amount\" aria-hidden=\"true\">972 522,56&nbsp;<span class=\"woocommerce-Price-currencySymbol\">&#070;&#116;<\/span><\/span><span class=\"screen-reader-text\">\u00c1rtartom\u00e1ny: 680 184,85&nbsp;&#070;&#116; &#8211; 972 522,56&nbsp;&#070;&#116;<\/span><\/div><div class=\"wc-block-featured-product__link\">\n\n<div class=\"wp-block-buttons is-content-justification-center is-layout-flex wp-container-core-buttons-is-layout-a89b3969 wp-block-buttons-is-layout-flex\">\n<div class=\"wp-block-button\"><a class=\"wp-block-button__link wp-element-button\" href=\"https:\/\/gpdstore.net\/hu\/fekete-pentek-2024\/gpd-duo-2\/\">V\u00e1s\u00e1roljon most<\/a><\/div>\n<\/div>\n\n<\/div><\/div><\/div>\n<p>Az AI Az energiahat\u00e9konys\u00e1g kulcsfontoss\u00e1g\u00fa t\u00e9nyez\u0151 a k\u00e9zi eszk\u00f6z\u00f6k eset\u00e9ben, \u00e9s a Ryzen AI 9 HX 370 a 15-54 W k\u00f6z\u00f6tti konfigur\u00e1lhat\u00f3 TDP tartom\u00e1nyban ezt a k\u00e9rd\u00e9st is megoldja. Ez a rugalmass\u00e1g lehet\u0151v\u00e9 teszi az eszk\u00f6zgy\u00e1rt\u00f3k sz\u00e1m\u00e1ra, hogy optimaliz\u00e1lj\u00e1k az energiafogyaszt\u00e1st az egyedi tervez\u00e9si k\u00f6vetelm\u00e9nyek \u00e9s termikus megold\u00e1sok alapj\u00e1n. A Ryzen AI 9 HX 370 elterjed\u00e9se a k\u00e9zi eszk\u00f6z\u00f6kben m\u00e1r folyamatban van. A k\u00e9zi PC-k piac\u00e1nak egyik kiemelked\u0151 szerepl\u0151je, a GPD bejelentette, hogy a k\u00e9sz\u00fcl\u0151 <a href=\"https:\/\/gpdstore.net\/hu\/fekete-pentek-2024\/gpd-duo-2\/\" data-type=\"link\" data-id=\"https:\/\/gpdstore.net\/laptops\/gpd-duo\/\" target=\"_blank\" rel=\"noreferrer noopener\">GPD Duo<\/a> \u00e9s a <a href=\"https:\/\/gpdstore.net\/gpd-mini-laptop\/gpd-pocket-4\/\" data-type=\"link\" data-id=\"https:\/\/gpdstore.net\/gpd-mini-laptop\/gpd-pocket-4\/\" target=\"_blank\" rel=\"noreferrer noopener\">GPD Pocket 4<\/a> lesznek az els\u0151 olyan k\u00e9sz\u00fcl\u00e9kek, amelyekben ez a processzor megtal\u00e1lhat\u00f3. Ez a l\u00e9p\u00e9s potenci\u00e1lis v\u00e1ltoz\u00e1st jelez a k\u00e9zisz\u00e1m\u00edt\u00f3g\u00e9pes j\u00e1t\u00e9k-PC-k piac\u00e1n, mivel a gy\u00e1rt\u00f3k igyekeznek kihaszn\u00e1lni a HX 370 processzor, a GPU \u00e9s az AI k\u00e9pess\u00e9gek er\u0151teljes kombin\u00e1ci\u00f3j\u00e1t.    <\/p>\n\n<p>Egy ilyen nagy teljes\u00edtm\u00e9ny\u0171 chip integr\u00e1l\u00e1sa a k\u00e9zi eszk\u00f6z\u00f6kbe k\u00e9rd\u00e9seket vet fel a h\u0151kezel\u00e9ssel \u00e9s az akkumul\u00e1tor \u00e9lettartam\u00e1val kapcsolatban. Azonban az AMD a Zen 5 \u00e9s Zen 5c magok hat\u00e9konys\u00e1g\u00e1ra helyezett hangs\u00falya, a konfigur\u00e1lhat\u00f3 TDP c\u00edmmel egy\u00fctt azt sugallja, hogy a gy\u00e1rt\u00f3knak meglesz a rugalmass\u00e1guk a teljes\u00edtm\u00e9ny \u00e9s az energiafogyaszt\u00e1s hat\u00e9kony kiegyens\u00falyoz\u00e1s\u00e1hoz. <\/p>\n\n<figure class=\"wp-block-image aligncenter size-large\"><a href=\"https:\/\/gpdstore.net\/wp-content\/uploads\/2024\/08\/AMD-Ryzen-AI-9-HX-370-AI-Performance-1200x674.jpg\"><img decoding=\"async\" width=\"1200\" height=\"674\" src=\"https:\/\/gpdstore.net\/wp-content\/uploads\/2024\/08\/AMD-Ryzen-AI-9-HX-370-AI-Performance-1200x674.jpg\" alt=\"AMD Ryzen AI 9 HX 370 AI teljes&#xED;tm&#xE9;nye\" class=\"wp-image-2653\" srcset=\"https:\/\/gpdstore.net\/wp-content\/uploads\/2024\/08\/AMD-Ryzen-AI-9-HX-370-AI-Performance-1200x674.jpg 1200w, https:\/\/gpdstore.net\/wp-content\/uploads\/2024\/08\/AMD-Ryzen-AI-9-HX-370-AI-Performance-600x337.jpg 600w, https:\/\/gpdstore.net\/wp-content\/uploads\/2024\/08\/AMD-Ryzen-AI-9-HX-370-AI-Performance-768x432.jpg 768w, https:\/\/gpdstore.net\/wp-content\/uploads\/2024\/08\/AMD-Ryzen-AI-9-HX-370-AI-Performance-1536x863.jpg 1536w, https:\/\/gpdstore.net\/wp-content\/uploads\/2024\/08\/AMD-Ryzen-AI-9-HX-370-AI-Performance-990x556.jpg 990w, https:\/\/gpdstore.net\/wp-content\/uploads\/2024\/08\/AMD-Ryzen-AI-9-HX-370-AI-Performance-441x248.jpg 441w, https:\/\/gpdstore.net\/wp-content\/uploads\/2024\/08\/AMD-Ryzen-AI-9-HX-370-AI-Performance-150x84.jpg 150w, https:\/\/gpdstore.net\/wp-content\/uploads\/2024\/08\/AMD-Ryzen-AI-9-HX-370-AI-Performance.jpg 1920w\" sizes=\"(max-width: 1200px) 100vw, 1200px\" \/><\/a><figcaption class=\"wp-element-caption\">AMD Ryzen AI 9 HX 370 AI teljes\u00edtm\u00e9nye<\/figcaption><\/figure>\n\n<p>Mivel a mini laptopok \u00e9s k\u00e9zi j\u00e1t\u00e9k PC-k piaca tov\u00e1bb n\u00f6vekszik, a Ryzen AI 9 HX 370 jelent\u0151s szerepet fog j\u00e1tszani az eszk\u00f6z\u00f6k k\u00f6vetkez\u0151 gener\u00e1ci\u00f3j\u00e1nak kialak\u00edt\u00e1s\u00e1ban, versenyezve az ASUS \u00e9s m\u00e1s nagy m\u00e1rk\u00e1k k\u00edn\u00e1lat\u00e1val. A nagy teljes\u00edtm\u00e9ny\u0171 sz\u00e1m\u00edt\u00e1stechnika, a fejlett grafikus k\u00e9pess\u00e9gek \u00e9s a dedik\u00e1lt AI-feldolgoz\u00e1s kombin\u00e1ci\u00f3ja lehet\u0151v\u00e9 teheti a konzolszer\u0171 j\u00e1t\u00e9k\u00e9lm\u00e9nyt \u00fatk\u00f6zben, mik\u00f6zben \u00faj lehet\u0151s\u00e9geket nyit meg a hordozhat\u00f3 form\u00e1j\u00fa termel\u00e9kenys\u00e9gi \u00e9s kreat\u00edv alkalmaz\u00e1sok sz\u00e1m\u00e1ra is. <\/p>\n\n<h2 class=\"wp-block-heading\">A k\u00f6vetkez\u0151 gener\u00e1ci\u00f3s mobileszk\u00f6z\u00f6k AI trendjeinek felt\u00e1r\u00e1sa<\/h2>\n\n<p>A mesters\u00e9ges intelligencia (AI) jelent\u0151sen \u00e1talak\u00edtja a PC-k vil\u00e1g\u00e1t, mivel a fejlett AI-technol\u00f3gi\u00e1k seg\u00edts\u00e9g\u00e9vel mag\u00e1val ragad\u00f3 \u00e9s szem\u00e9lyre szabott \u00e9lm\u00e9nyeket hoz l\u00e9tre. A dedik\u00e1lt AI processzorok be\u00e9p\u00edt\u00e9se, mint p\u00e9ld\u00e1ul az AMD Ryzen AI 9 HX 370 Neural Processing Unit (NPU), kulcsfontoss\u00e1g\u00fa tendenci\u00e1t k\u00e9pvisel. Ez a m\u00e1sodpercenk\u00e9nt 50 trilli\u00f3 m\u0171veletre k\u00e9pes NPU val\u00f3s idej\u0171 fejleszt\u00e9seket tesz lehet\u0151v\u00e9 k\u00f6zvetlen\u00fcl az eszk\u00f6z\u00f6n, jav\u00edtva a j\u00e1t\u00e9kmenetet, a grafik\u00e1t \u00e9s a felhaszn\u00e1l\u00f3i interakci\u00f3t. Az olyan AI-alap\u00fa funkci\u00f3k, mint az AMD FSR, amely felsk\u00e1l\u00e1zza a k\u00e9peket a jobb grafika \u00e9rdek\u00e9ben, egyre elterjedtebbek, k\u00fcl\u00f6n\u00f6sen a k\u00e9zi j\u00e1t\u00e9keszk\u00f6z\u00f6kben, kiv\u00e1l\u00f3 min\u0151s\u00e9g\u0171 vizu\u00e1lis \u00e9lm\u00e9nyt k\u00edn\u00e1lva a korl\u00e1tozott energiaell\u00e1t\u00e1s\u00fa platformokon.   <\/p>\n\n<figure class=\"wp-block-image aligncenter size-full\"><a href=\"https:\/\/gpdstore.net\/wp-content\/uploads\/2024\/08\/AMD-Ryzen-AI-300-Series.jpg\"><img decoding=\"async\" width=\"1200\" height=\"701\" src=\"https:\/\/gpdstore.net\/wp-content\/uploads\/2024\/08\/AMD-Ryzen-AI-300-Series.jpg\" alt=\"AMD Ryzen AI 300 sorozat\" class=\"wp-image-2628\" srcset=\"https:\/\/gpdstore.net\/wp-content\/uploads\/2024\/08\/AMD-Ryzen-AI-300-Series.jpg 1200w, https:\/\/gpdstore.net\/wp-content\/uploads\/2024\/08\/AMD-Ryzen-AI-300-Series-600x351.jpg 600w, https:\/\/gpdstore.net\/wp-content\/uploads\/2024\/08\/AMD-Ryzen-AI-300-Series-768x449.jpg 768w, https:\/\/gpdstore.net\/wp-content\/uploads\/2024\/08\/AMD-Ryzen-AI-300-Series-990x578.jpg 990w, https:\/\/gpdstore.net\/wp-content\/uploads\/2024\/08\/AMD-Ryzen-AI-300-Series-441x258.jpg 441w, https:\/\/gpdstore.net\/wp-content\/uploads\/2024\/08\/AMD-Ryzen-AI-300-Series-150x88.jpg 150w\" sizes=\"(max-width: 1200px) 100vw, 1200px\" \/><\/a><figcaption class=\"wp-element-caption\">AMD Ryzen AI 300 sorozat<\/figcaption><\/figure>\n\n<p>A mesters\u00e9ges intelligencia forradalmas\u00edtja a j\u00e1t\u00e9k dinamik\u00e1j\u00e1t \u00e9s a nem j\u00e1t\u00e9kos karakterekkel (NPC-k) val\u00f3 interakci\u00f3t is. Az adapt\u00edv j\u00e1t\u00e9kmenet-algoritmusok a j\u00e1t\u00e9kos viselked\u00e9se alapj\u00e1n \u00e1ll\u00edtj\u00e1k be a j\u00e1t\u00e9k neh\u00e9zs\u00e9g\u00e9t \u00e9s a t\u00f6rt\u00e9netet, szem\u00e9lyre szabottabb \u00e9lm\u00e9nyt ny\u00fajtva. A fejlett mesters\u00e9ges intelligencia lehet\u0151v\u00e9 teszi az NPC-k sz\u00e1m\u00e1ra, hogy \u00f6sszetett viselked\u00e9st mutassanak \u00e9s tanuljanak a j\u00e1t\u00e9kosok interakci\u00f3ib\u00f3l, \u00edgy a j\u00e1t\u00e9kbeli interakci\u00f3k m\u00e9g \u00e9rdekesebb\u00e9 v\u00e1lnak. Emellett a mesters\u00e9ges intelligencia \u00e1ltal vez\u00e9relt procedur\u00e1lis tartalomgener\u00e1l\u00e1s k\u00e9pes automatikusan l\u00e9trehozni a j\u00e1t\u00e9k tartalm\u00e1t, cs\u00f6kkentve a fejleszt\u00e9si id\u0151t, mik\u00f6zben a j\u00e1t\u00e9kosoknak szinte korl\u00e1tlan felfedez\u00e9si lehet\u0151s\u00e9geket k\u00edn\u00e1l. A tov\u00e1bbfejlesztett hang- \u00e9s term\u00e9szetes nyelvi feldolgoz\u00e1s intuit\u00edvabb\u00e1 \u00e9s z\u00f6kken\u0151mentesebb\u00e9 teszi a hangparancsokat \u00e9s az AI-alap\u00fa j\u00e1t\u00e9kmenetet a j\u00f6v\u0151beli j\u00e1t\u00e9keszk\u00f6z\u00f6k\u00f6n.    <\/p>\n\n<p>Mik\u00f6zben a mesters\u00e9ges intelligencia sz\u00e1mos el\u0151nnyel j\u00e1r, kih\u00edv\u00e1sokkal is j\u00e1r, amelyekkel foglalkozni kell. A mesters\u00e9ges intelligencia k\u00e9pess\u00e9geinek k\u00f6zvetlen\u00fcl a processzorokba t\u00f6rt\u00e9n\u0151 integr\u00e1l\u00e1sa, mint p\u00e9ld\u00e1ul az <a href=\"https:\/\/www.amd.com\/en\/partner\/articles\/ryzen-ai-300-series-processors.html\" target=\"_blank\" data-type=\"link\" data-id=\"https:\/\/www.amd.com\/en\/partner\/articles\/ryzen-ai-300-series-processors.html\" rel=\"noreferrer noopener\">AMD Ryzen AI sorozat<\/a>, cs\u00f6kkenti a felh\u0151feldolgoz\u00e1sra val\u00f3 t\u00e1maszkod\u00e1st, \u00e9s kifinomultabb funkci\u00f3kat tesz lehet\u0151v\u00e9 a k\u00e9zi PC-ken a j\u00e1t\u00e9khoz. Ez azonban aggodalmakat is felvet az adatv\u00e9delemmel, az AI \u00e1ltal gener\u00e1lt tartalmak etikai vonatkoz\u00e1saival, valamint azzal a lehet\u0151s\u00e9ggel kapcsolatban, hogy az AI-t a j\u00e1t\u00e9kiparban f\u00fcgg\u0151s\u00e9get okoz\u00f3 j\u00e1t\u00e9kmechanizmusok l\u00e9trehoz\u00e1s\u00e1ra haszn\u00e1lj\u00e1k fel. Ahogy ezek a technol\u00f3gi\u00e1k fejl\u0151dnek, a fejleszt\u0151knek \u00e9s a gy\u00e1rt\u00f3knak meg kell birk\u00f3zniuk ezekkel a kih\u00edv\u00e1sokkal, hogy teljes m\u00e9rt\u00e9kben kiakn\u00e1zhass\u00e1k az AI-ban rejl\u0151 lehet\u0151s\u00e9geket. Ezen agg\u00e1lyok ellen\u00e9re a mesters\u00e9ges intelligencia egyre mag\u00e1val ragad\u00f3bb, szem\u00e9lyre szabottabb \u00e9s intelligensebb j\u00e1t\u00e9k\u00e9lm\u00e9nyt fog ny\u00fajtani, \u00edgy a j\u00f6v\u0151beli j\u00e1t\u00e9k PC-k jobban alkalmazkodnak majd az egyes j\u00e1t\u00e9kosok ig\u00e9nyeihez \u00e9s preferenci\u00e1ihoz.    <\/p>\n\n<h2 class=\"wp-block-heading\">GPD du\u00f3: A kett\u0151s kijelz\u0151 forradalma<\/h2>\n\n<p>A <a href=\"https:\/\/gpdstore.net\/hu\/fekete-pentek-2024\/gpd-duo-2\/\" data-type=\"link\" data-id=\"https:\/\/gpdstore.net\/laptops\/gpd-duo\/\" target=\"_blank\" rel=\"noreferrer noopener\">GPD Duo<\/a> jelent\u0151s el\u0151rel\u00e9p\u00e9st jelent a k\u00e9tk\u00e9perny\u0151s laptop-technol\u00f3gi\u00e1ban, a sokoldal\u00fas\u00e1g \u00e9s a teljes\u00edtm\u00e9ny egyed\u00fcl\u00e1ll\u00f3 kombin\u00e1ci\u00f3j\u00e1t k\u00edn\u00e1lva. Ez az innovat\u00edv k\u00e9sz\u00fcl\u00e9k k\u00e9t 13,3 h\u00fcvelykes OLED kijelz\u0151vel rendelkezik, amelyek mindegyike 2560 x 1600 k\u00e9ppont felbont\u00e1ssal \u00e9s 16:10 k\u00e9par\u00e1nnyal b\u00fcszk\u00e9lkedhet. Teljesen kihajtva a GPD Duo leny\u0171g\u00f6z\u0151, 18 h\u00fcvelykes kijelz\u0151fel\u00fcletet biztos\u00edt, kib\u0151v\u00edtve a felhaszn\u00e1l\u00f3k vizu\u00e1lis \u00e9lm\u00e9ny\u00e9t. A kett\u0151s <a href=\"https:\/\/gpdstore.net\/hu\/product-attribute\/display-type\/amoled-hu\/\" target=\"_blank\" data-type=\"link\" data-id=\"https:\/\/gpdstore.net\/product-attribute\/display-type\/amoled\/\" rel=\"noreferrer noopener\">AMOLED<\/a> k\u00e9perny\u0151k, amelyeket a GPD \u201eAurora Displays\u201d-nek nevez, kiv\u00e9teles vizu\u00e1lis min\u0151s\u00e9get k\u00edn\u00e1lnak 1 000 000:1 kontrasztar\u00e1nnyal \u00e9s az Adobe RGB sz\u00ednt\u00e9r 100%-os lefedetts\u00e9g\u00e9vel. Ezek a kijelz\u0151k t\u00e1mogatj\u00e1k a 10 pontos \u00e9rint\u00e9ses bevitelt, \u00e9s kompatibilisek a stylus tollakkal, 4096 nyom\u00e1s\u00e9rz\u00e9kenys\u00e9gi szintet k\u00edn\u00e1lva. Ez a funkci\u00f3 k\u00fcl\u00f6n\u00f6sen vonz\u00f3v\u00e1 teszi a GPD Duo-t a m\u0171v\u00e9szek, tervez\u0151k \u00e9s jegyzetel\u0151k sz\u00e1m\u00e1ra.     <\/p>\n\n<figure class=\"wp-block-image aligncenter size-large\"><a href=\"https:\/\/gpdstore.net\/wp-content\/uploads\/2024\/08\/GPD-Duo-in-its-single-and-dual-screen-and-tablet-configurations-1200x675.jpg\"><img loading=\"lazy\" decoding=\"async\" width=\"1200\" height=\"675\" src=\"https:\/\/gpdstore.net\/wp-content\/uploads\/2024\/08\/GPD-Duo-in-its-single-and-dual-screen-and-tablet-configurations-1200x675.jpg\" alt=\"GPD Duo egy- &#xE9;s k&#xE9;tk&#xE9;perny&#x151;s, valamint t&#xE1;blag&#xE9;pes konfigur&#xE1;ci&#xF3;ban\" class=\"wp-image-2629\" srcset=\"https:\/\/gpdstore.net\/wp-content\/uploads\/2024\/08\/GPD-Duo-in-its-single-and-dual-screen-and-tablet-configurations-1200x675.jpg 1200w, https:\/\/gpdstore.net\/wp-content\/uploads\/2024\/08\/GPD-Duo-in-its-single-and-dual-screen-and-tablet-configurations-600x338.jpg 600w, https:\/\/gpdstore.net\/wp-content\/uploads\/2024\/08\/GPD-Duo-in-its-single-and-dual-screen-and-tablet-configurations-768x432.jpg 768w, https:\/\/gpdstore.net\/wp-content\/uploads\/2024\/08\/GPD-Duo-in-its-single-and-dual-screen-and-tablet-configurations-1536x864.jpg 1536w, https:\/\/gpdstore.net\/wp-content\/uploads\/2024\/08\/GPD-Duo-in-its-single-and-dual-screen-and-tablet-configurations-990x557.jpg 990w, https:\/\/gpdstore.net\/wp-content\/uploads\/2024\/08\/GPD-Duo-in-its-single-and-dual-screen-and-tablet-configurations-441x248.jpg 441w, https:\/\/gpdstore.net\/wp-content\/uploads\/2024\/08\/GPD-Duo-in-its-single-and-dual-screen-and-tablet-configurations-150x84.jpg 150w, https:\/\/gpdstore.net\/wp-content\/uploads\/2024\/08\/GPD-Duo-in-its-single-and-dual-screen-and-tablet-configurations.jpg 1920w\" sizes=\"(max-width: 1200px) 100vw, 1200px\" \/><\/a><figcaption class=\"wp-element-caption\">GPD Duo egy- \u00e9s k\u00e9tk\u00e9perny\u0151s, valamint t\u00e1blag\u00e9pes konfigur\u00e1ci\u00f3ban<\/figcaption><\/figure>\n\n<p>A <a href=\"https:\/\/gpdstore.net\/hu\/fekete-pentek-2024\/gpd-duo-2\/\" target=\"_blank\" data-type=\"link\" data-id=\"https:\/\/gpdstore.net\/laptops\/gpd-duo\/\" rel=\"noreferrer noopener\">GPD Duo<\/a> egyik leginnovat\u00edvabb tulajdons\u00e1ga a rugalmas kialak\u00edt\u00e1s. A m\u00e1sodlagos k\u00e9perny\u0151 360 fokban forgathat\u00f3, \u00edgy a k\u00e9sz\u00fcl\u00e9k hagyom\u00e1nyos laptopb\u00f3l t\u00e1blag\u00e9pszer\u0171v\u00e9 alak\u00edthat\u00f3. Ez a sokoldal\u00fas\u00e1g lehet\u0151v\u00e9 teszi a felhaszn\u00e1l\u00f3k sz\u00e1m\u00e1ra, hogy k\u00fcl\u00f6nb\u00f6z\u0151 oper\u00e1ci\u00f3s rendszereket, k\u00f6zt\u00fck a Linux \u00e9s a macOS-t is kipr\u00f3b\u00e1lhass\u00e1k tablet \u00fczemm\u00f3dban a virtu\u00e1lis g\u00e9p t\u00e1mogat\u00e1son kereszt\u00fcl. A <a href=\"https:\/\/gpdstore.net\/hu\/fekete-pentek-2024\/gpd-duo-2\/\" data-type=\"link\" data-id=\"https:\/\/gpdstore.net\/laptops\/gpd-duo\/\" target=\"_blank\" rel=\"noreferrer noopener\">GPD Duo<\/a> meghajt\u00e1s\u00e1r\u00f3l az AMD Ryzen AI 9 HX 370 processzor gondoskodik. Ak\u00e1r 64 GB LPDDR5x mem\u00f3ri\u00e1val \u00e9s 4 TB SSD t\u00e1rol\u00f3val konfigur\u00e1lhat\u00f3, tov\u00e1bbi b\u0151v\u00edt\u00e9shez pedig egy tov\u00e1bbi, \u00fcres PCIe 4 M.2 NVMe 1.4 foglalat\u00fa M.2 NVMe 1.4 b\u0151v\u00edt\u0151hely \u00e1ll rendelkez\u00e9sre.     <\/p>\n\n<p>A csatlakoztathat\u00f3s\u00e1g a GPD Duo egyik er\u0151ss\u00e9ge, sz\u00e1mos porttal rendelkezik, k\u00f6zt\u00fck USB4, HDMI, Ethernet \u00e9s egy OCuLink port az eGPU b\u0151v\u00edt\u00e9s\u00e9hez. Az eszk\u00f6z t\u00e1mogatja a<a href=\"https:\/\/gpdstore.net\/hu\/product-attribute\/wi-fi\/wi-fi-6e-hu\/\" target=\"_blank\" data-type=\"link\" data-id=\"https:\/\/gpdstore.net\/product-attribute\/wi-fi\/wi-fi-6e\/\" rel=\"noreferrer noopener\">Wi-Fi<\/a><a href=\"https:\/\/gpdstore.net\/hu\/product-attribute\/wi-fi\/wi-fi-6e-hu\/\" data-type=\"link\" data-id=\"https:\/\/gpdstore.net\/product-attribute\/wi-fi\/wi-fi-6e\/\"> 6E<\/a> \u00e9s a <a href=\"https:\/\/gpdstore.net\/hu\/product-attribute\/bluetooth\/5-3-hu\/\" target=\"_blank\" data-type=\"link\" data-id=\"https:\/\/gpdstore.net\/product-attribute\/bluetooth\/5-3\/\" rel=\"noreferrer noopener\">Bluetooth 5.3<\/a> vezet\u00e9k n\u00e9lk\u00fcli csatlakoz\u00e1st is. A GPD Duo 80 Wh-s akkumul\u00e1torral van felszerelve, \u00e9s t\u00e1mogatja a 100 W-os szupergyors t\u00f6lt\u00e9st A GPD \u00e1ll\u00edt\u00e1sa szerint az akkumul\u00e1tor leny\u0171g\u00f6z\u0151 \u00e9lettartama ak\u00e1r 30,2 \u00f3ra is lehet egyetlen t\u00f6lt\u00e9ssel, b\u00e1r a val\u00f3s haszn\u00e1lat ett\u0151l elt\u00e9r\u0151 lehet. M\u00edg a <a href=\"https:\/\/gpdstore.net\/hu\/fekete-pentek-2024\/gpd-duo-2\/\" data-type=\"link\" data-id=\"https:\/\/gpdstore.net\/laptops\/gpd-duo\/\" target=\"_blank\" rel=\"noreferrer noopener\">GPD Duo<\/a> egyedi \u00e9s potenci\u00e1lisan j\u00e1t\u00e9kmegv\u00e1lt\u00f3 diz\u00e1jnt k\u00edn\u00e1l, a praktikuss\u00e1g\u00e1val kapcsolatban felmer\u00fclt n\u00e9h\u00e1ny agg\u00e1ly. A tablet \u00fczemm\u00f3dot p\u00e9ld\u00e1ul potenci\u00e1lisan kellemetlennek \u00edrt\u00e1k le, \u00e9s ahhoz hasonl\u00edtott\u00e1k, mintha \u201eegy halom tabletet cipeln\u00e9nk, amelyek nem \u00fclnek sz\u00e9pen egym\u00e1son\u201d.    <\/p>\n\n<figure class=\"wp-block-image aligncenter size-large\"><a href=\"https:\/\/gpdstore.net\/wp-content\/uploads\/2024\/08\/GPD-Duo-in-tablet-mode-1200x675.jpg\"><img loading=\"lazy\" decoding=\"async\" width=\"1200\" height=\"675\" src=\"https:\/\/gpdstore.net\/wp-content\/uploads\/2024\/08\/GPD-Duo-in-tablet-mode-1200x675.jpg\" alt=\"GPD Duo tablet &#xFC;zemm&#xF3;dban\" class=\"wp-image-2554\" srcset=\"https:\/\/gpdstore.net\/wp-content\/uploads\/2024\/08\/GPD-Duo-in-tablet-mode-1200x675.jpg 1200w, https:\/\/gpdstore.net\/wp-content\/uploads\/2024\/08\/GPD-Duo-in-tablet-mode-600x338.jpg 600w, https:\/\/gpdstore.net\/wp-content\/uploads\/2024\/08\/GPD-Duo-in-tablet-mode-768x432.jpg 768w, https:\/\/gpdstore.net\/wp-content\/uploads\/2024\/08\/GPD-Duo-in-tablet-mode-1536x864.jpg 1536w, https:\/\/gpdstore.net\/wp-content\/uploads\/2024\/08\/GPD-Duo-in-tablet-mode-990x557.jpg 990w, https:\/\/gpdstore.net\/wp-content\/uploads\/2024\/08\/GPD-Duo-in-tablet-mode-441x248.jpg 441w, https:\/\/gpdstore.net\/wp-content\/uploads\/2024\/08\/GPD-Duo-in-tablet-mode-150x84.jpg 150w, https:\/\/gpdstore.net\/wp-content\/uploads\/2024\/08\/GPD-Duo-in-tablet-mode.jpg 1920w\" sizes=\"(max-width: 1200px) 100vw, 1200px\" \/><\/a><figcaption class=\"wp-element-caption\">GPD Duo tablet \u00fczemm\u00f3dban<\/figcaption><\/figure>\n\n<p>A k\u00e9sz\u00fcl\u00e9k val\u00f3di haszn\u00e1lhat\u00f3s\u00e1ga azonban csak akkor der\u00fcl ki, ha m\u00e1r rendelkez\u00e9sre \u00e1ll a gyakorlati tesztel\u00e9shez. A GPD egyel\u0151re nem jelentette be a Duo hivatalos \u00e1r\u00e1t vagy el\u00e9rhet\u0151s\u00e9g\u00e9t. A <a href=\"https:\/\/gpdstore.net\/hu\/fekete-pentek-2024\/gpd-duo-2\/\" data-type=\"link\" data-id=\"https:\/\/gpdstore.net\/laptops\/gpd-duo\/\" target=\"_blank\" rel=\"noreferrer noopener\">GPD Duo<\/a> mer\u00e9sz el\u0151rel\u00e9p\u00e9st jelent a mini laptopok tervez\u00e9s\u00e9ben, \u00e9s potenci\u00e1lisan \u00faj szint\u0171 rugalmass\u00e1got \u00e9s funkcionalit\u00e1st k\u00edn\u00e1l a power felhaszn\u00e1l\u00f3k, kreat\u00edvok \u00e9s multitaskingol\u00f3k sz\u00e1m\u00e1ra, k\u00fcl\u00f6n\u00f6sen a termel\u00e9kenys\u00e9g ter\u00e9n.  <\/p>\n\n<h2 class=\"wp-block-heading\">GPD Pocket 4 Modul\u00e1ris fel\u00e9p\u00edt\u00e9s<\/h2>\n\n<p>A <a href=\"https:\/\/gpdstore.net\/gpd-mini-laptop\/gpd-pocket-4\/\" data-type=\"link\" data-id=\"https:\/\/gpdstore.net\/gpd-mini-laptop\/gpd-pocket-4\/\" target=\"_blank\" rel=\"noreferrer noopener\">GPD Pocket 4<\/a> jelent\u0151s el\u0151rel\u00e9p\u00e9st jelent a 2 az 1-ben mini laptopok \u00e9s t\u00e1blag\u00e9pek piac\u00e1n, k\u00fcl\u00f6n\u00f6sen ipari \u00e9s professzion\u00e1lis felhaszn\u00e1l\u00e1sra. Az egyik leginnovat\u00edvabb jellemz\u0151je a modul\u00e1ris portrendszer, amely lehet\u0151v\u00e9 teszi a felhaszn\u00e1l\u00f3k sz\u00e1m\u00e1ra, hogy a k\u00e9sz\u00fcl\u00e9ket az egyedi ipari ig\u00e9nyeknek megfelel\u0151en testre szabj\u00e1k. A Pocket 4 tov\u00e1bbi USB-C portokkal, r\u00f6gz\u00edt\u0151k\u00e1rtya-modullal, <a href=\"https:\/\/gpdstore.net\/hu\/blog\/gpd-pocket-4-rs-232-module-explained\/gpd-pocket-4-rs-232-modul\/\" target=\"_blank\" data-type=\"link\" data-id=\"https:\/\/gpdstore.net\/shop\/accessories\/gpd-pocket-4-rs-232-module\/\" rel=\"noreferrer noopener\">RS-232 soros portmodullal<\/a> vagy <a href=\"https:\/\/gpdstore.net\/accessories\/gpd-pocket-4-kvm-module\/\" target=\"_blank\" data-type=\"link\" data-id=\"https:\/\/gpdstore.net\/shop\/accessories\/gpd-pocket-4-kvm-module\/\" rel=\"noreferrer noopener\">KVM<\/a> (Keyboard, Video, Mouse) vez\u00e9rl\u0151modullal is felszerelhet\u0151. Ez a rugalmass\u00e1g teszi ide\u00e1lis eszk\u00f6zz\u00e9 az informatikai szakemberek, ipari alkalmaz\u00e1sok \u00e9s olyan speci\u00e1lis ter\u00fcletek sz\u00e1m\u00e1ra, ahol a speci\u00e1lis csatlakoz\u00e1si lehet\u0151s\u00e9gek kulcsfontoss\u00e1g\u00faak.   <\/p>\n\n<figure class=\"wp-block-image size-large\"><img loading=\"lazy\" decoding=\"async\" width=\"1200\" height=\"675\" src=\"https:\/\/gpdstore.net\/wp-content\/uploads\/2024\/08\/GPD-Pocket-4-in-mini-laptop-and-tablet-configurations-1200x675.jpg\" alt=\"GPD Pocket 4 mini laptop &#xE9;s tablet konfigur&#xE1;ci&#xF3;ban\" class=\"wp-image-2536\" srcset=\"https:\/\/gpdstore.net\/wp-content\/uploads\/2024\/08\/GPD-Pocket-4-in-mini-laptop-and-tablet-configurations-1200x675.jpg 1200w, https:\/\/gpdstore.net\/wp-content\/uploads\/2024\/08\/GPD-Pocket-4-in-mini-laptop-and-tablet-configurations-600x338.jpg 600w, https:\/\/gpdstore.net\/wp-content\/uploads\/2024\/08\/GPD-Pocket-4-in-mini-laptop-and-tablet-configurations-768x432.jpg 768w, https:\/\/gpdstore.net\/wp-content\/uploads\/2024\/08\/GPD-Pocket-4-in-mini-laptop-and-tablet-configurations-1536x864.jpg 1536w, https:\/\/gpdstore.net\/wp-content\/uploads\/2024\/08\/GPD-Pocket-4-in-mini-laptop-and-tablet-configurations-990x557.jpg 990w, https:\/\/gpdstore.net\/wp-content\/uploads\/2024\/08\/GPD-Pocket-4-in-mini-laptop-and-tablet-configurations-441x248.jpg 441w, https:\/\/gpdstore.net\/wp-content\/uploads\/2024\/08\/GPD-Pocket-4-in-mini-laptop-and-tablet-configurations-150x84.jpg 150w, https:\/\/gpdstore.net\/wp-content\/uploads\/2024\/08\/GPD-Pocket-4-in-mini-laptop-and-tablet-configurations.jpg 1920w\" sizes=\"(max-width: 1200px) 100vw, 1200px\" \/><figcaption class=\"wp-element-caption\">GPD Pocket 4 mini laptop \u00e9s tablet konfigur\u00e1ci\u00f3ban<\/figcaption><\/figure>\n\n<p>A <a href=\"https:\/\/gpdstore.net\/gpd-mini-laptop\/gpd-pocket-4\/\" data-type=\"link\" data-id=\"https:\/\/gpdstore.net\/gpd-mini-laptop\/gpd-pocket-4\/\" target=\"_blank\" rel=\"noreferrer noopener\">GPD Pocket 4<\/a> m\u00e1sik f\u0151 jellemz\u0151je a 2 az 1-ben funkci\u00f3, amely lehet\u0151v\u00e9 teszi, hogy mini laptopk\u00e9nt \u00e9s t\u00e1blag\u00e9pk\u00e9nt is m\u0171k\u00f6dj\u00f6n. A k\u00e9sz\u00fcl\u00e9k 8,8 h\u00fcvelykes <a href=\"https:\/\/en.wikipedia.org\/wiki\/Low-temperature_polycrystalline_silicon\" target=\"_blank\" data-type=\"link\" data-id=\"https:\/\/en.wikipedia.org\/wiki\/Low-temperature_polycrystalline_silicon\" rel=\"noreferrer noopener nofollow\">LTPS-kijelz\u0151vel<\/a> b\u00fcszk\u00e9lkedhet, amely nagy, 2560&#215;1600-as felbont\u00e1s\u00fa, 144 Hz-es friss\u00edt\u00e9si frekvenci\u00e1val rendelkezik, \u00e9s amely elforgathat\u00f3 az \u00fczemm\u00f3dok k\u00f6z\u00f6tti v\u00e1lt\u00e1shoz. Ez a sokoldal\u00fas\u00e1g k\u00fcl\u00f6n\u00f6sen el\u0151ny\u00f6s a professzion\u00e1lis k\u00f6rnyezetben, ahol a k\u00fcl\u00f6nb\u00f6z\u0151 \u00fczemm\u00f3dok k\u00f6z\u00f6tti gyors v\u00e1lt\u00e1s lehet\u0151s\u00e9ge fokozhatja a termel\u00e9kenys\u00e9get. Ak\u00e1r terepmunk\u00e1hoz tablet \u00fczemm\u00f3dban, ak\u00e1r hagyom\u00e1nyosabb feladatokhoz laptop \u00fczemm\u00f3dban haszn\u00e1lj\u00e1k, a Pocket 4 alkalmazkodik a k\u00fcl\u00f6nb\u00f6z\u0151 felhaszn\u00e1l\u00e1si esetekhez, \u00e9s olyan rugalmass\u00e1got biztos\u00edt, amelyet ipari k\u00f6rnyezetben nagyra \u00e9rt\u00e9kelnek.   <\/p>\n<div data-block-name=\"woocommerce\/featured-product\" data-edit-mode=\"false\" data-image-fit=\"cover\" data-product-id=\"314505\" data-show-desc=\"false\" class=\"wc-block-featured-product alignnone has-background-dim wp-block-woocommerce-featured-product\" style=\"min-height:500px;\"><div class=\"wc-block-featured-product__wrapper\"><div class=\"background-dim__overlay\" style=\"background-color: #000000\"><\/div><img decoding=\"async\" alt=\"GPD Pocket 4 Mini laptop\" class=\"wc-block-featured-product__background-image\" src=\"https:\/\/gpdstore.net\/wp-content\/uploads\/2024\/08\/GPD-POCKET-4-INFOGRAPHICS-DONE-GENERIC-01.png\" style=\"object-fit: cover;object-position: 50% 50%;\" \/><h2 class=\"wc-block-featured-product__title\">GPD Pocket 4 Mini laptop<\/h2><div class=\"wc-block-featured-product__price\"><span class=\"woocommerce-Price-amount amount\" aria-hidden=\"true\">475 582,32&nbsp;<span class=\"woocommerce-Price-currencySymbol\">&#070;&#116;<\/span><\/span> <span aria-hidden=\"true\">&ndash;<\/span> <span class=\"woocommerce-Price-amount amount\" aria-hidden=\"true\">906 805,86&nbsp;<span class=\"woocommerce-Price-currencySymbol\">&#070;&#116;<\/span><\/span><span class=\"screen-reader-text\">\u00c1rtartom\u00e1ny: 475 582,32&nbsp;&#070;&#116; &#8211; 906 805,86&nbsp;&#070;&#116;<\/span><\/div><div class=\"wc-block-featured-product__link\">\n\n<div class=\"wp-block-buttons is-content-justification-center is-layout-flex wp-container-core-buttons-is-layout-a89b3969 wp-block-buttons-is-layout-flex\">\n<div class=\"wp-block-button\"><a class=\"wp-block-button__link wp-element-button\" href=\"https:\/\/gpdstore.net\/gpd-mini-laptop\/gpd-pocket-4\/\">V\u00e1s\u00e1roljon most<\/a><\/div>\n<\/div>\n\n<\/div><\/div><\/div>\n<p>A <a href=\"https:\/\/gpdstore.net\/gpd-mini-laptop\/gpd-pocket-4\/\" data-type=\"link\" data-id=\"https:\/\/gpdstore.net\/gpd-mini-laptop\/gpd-pocket-4\/\" target=\"_blank\" rel=\"noreferrer noopener\">GPD Pocket 4<\/a> az ipari szakemberek ig\u00e9nyes k\u00f6vetelm\u00e9nyeit szem el\u0151tt tartva k\u00e9sz\u00fclt. Nagy teljes\u00edtm\u00e9ny\u0171 AMD Ryzen AI 9 HX 370 processzora, valamint az ak\u00e1r <a href=\"https:\/\/gpdstore.net\/hu\/product-attribute\/memory-ram-capacity\/64gb-hu-2\/\" target=\"_blank\" data-type=\"link\" data-id=\"https:\/\/gpdstore.net\/product-attribute\/memory-ram-capacity\/64gb\/\" rel=\"noreferrer noopener\">64 GB<\/a> RAM \u00e9s az ak\u00e1r <a href=\"https:\/\/gpdstore.net\/hu\/product-attribute\/storage-capacity\/4tb-hu\/\" target=\"_blank\" data-type=\"link\" data-id=\"https:\/\/gpdstore.net\/product-attribute\/storage-capacity\/4tb\/\" rel=\"noreferrer noopener\">4 TB-ig<\/a> b\u0151v\u00edthet\u0151 t\u00e1rhely alkalmass\u00e1 teszi a k\u00e9sz\u00fcl\u00e9ket a jellemz\u0151en teljes m\u00e9ret\u0171 laptopok sz\u00e1m\u00e1ra fenntartott er\u0151forr\u00e1s-ig\u00e9nyes feladatok kezel\u00e9s\u00e9re. Ez teszi a Pocket 4-et er\u0151s versenyz\u0151v\u00e9 az olyan ipar\u00e1gakban val\u00f3 haszn\u00e1latra, ahol a teljes\u00edtm\u00e9nyt nem lehet vesz\u00e9lyeztetni, annak ellen\u00e9re, hogy a szakemberek \u00e1ltal kedvelt kompakt, hordozhat\u00f3 eszk\u00f6zre van sz\u00fcks\u00e9g. A fejlett grafikus k\u00e9pess\u00e9gek, p\u00e9ld\u00e1ul az AMD Radeon 890M iGPU be\u00e9p\u00edt\u00e9se tov\u00e1bb fokozza a k\u00e9sz\u00fcl\u00e9k alkalmass\u00e1g\u00e1t a professzion\u00e1lis k\u00f6rnyezetekben haszn\u00e1lt, grafikailag intenz\u00edv alkalmaz\u00e1sokhoz.   <\/p>\n\n<figure class=\"wp-block-image size-large\"><img loading=\"lazy\" decoding=\"async\" width=\"1200\" height=\"675\" src=\"https:\/\/gpdstore.net\/wp-content\/uploads\/2024\/08\/The-GPD-Pocket-4-modular-ports-1200x675.jpg\" alt=\"A GPD Pocket 4 modul&#xE1;ris port\" class=\"wp-image-2538\" srcset=\"https:\/\/gpdstore.net\/wp-content\/uploads\/2024\/08\/The-GPD-Pocket-4-modular-ports-1200x675.jpg 1200w, https:\/\/gpdstore.net\/wp-content\/uploads\/2024\/08\/The-GPD-Pocket-4-modular-ports-600x338.jpg 600w, https:\/\/gpdstore.net\/wp-content\/uploads\/2024\/08\/The-GPD-Pocket-4-modular-ports-768x432.jpg 768w, https:\/\/gpdstore.net\/wp-content\/uploads\/2024\/08\/The-GPD-Pocket-4-modular-ports-1536x864.jpg 1536w, https:\/\/gpdstore.net\/wp-content\/uploads\/2024\/08\/The-GPD-Pocket-4-modular-ports-990x557.jpg 990w, https:\/\/gpdstore.net\/wp-content\/uploads\/2024\/08\/The-GPD-Pocket-4-modular-ports-441x248.jpg 441w, https:\/\/gpdstore.net\/wp-content\/uploads\/2024\/08\/The-GPD-Pocket-4-modular-ports-150x84.jpg 150w, https:\/\/gpdstore.net\/wp-content\/uploads\/2024\/08\/The-GPD-Pocket-4-modular-ports.jpg 1920w\" sizes=\"(max-width: 1200px) 100vw, 1200px\" \/><figcaption class=\"wp-element-caption\">A GPD Pocket 4 modul\u00e1ris port<\/figcaption><\/figure>\n\n<p>\u00d6sszess\u00e9g\u00e9ben a GPD Pocket 4 a nagy teljes\u00edtm\u00e9ny, a modul\u00e1ris fel\u00e9p\u00edt\u00e9s \u00e9s a sokoldal\u00fa funkcionalit\u00e1s \u00f6tv\u00f6z\u00e9s\u00e9vel \u00faj m\u00e9rc\u00e9t \u00e1ll\u00edt fel az UMPC-piacon, amelyet eredetileg a <a href=\"https:\/\/gpdstore.net\/gpd-mini-laptop\/gpd-pocket-3\/\" data-type=\"link\" data-id=\"https:\/\/gpdstore.net\/gpd-mini-laptop\/gpd-pocket-3\/\" target=\"_blank\" rel=\"noreferrer noopener\">GPD Pocket 3<\/a> hozott l\u00e9tre. Az, hogy k\u00e9pes kiszolg\u00e1lni a professzion\u00e1lis piaci r\u00e9st, k\u00fcl\u00f6n\u00f6sen azokat, amelyek speci\u00e1lis csatlakoztathat\u00f3s\u00e1got \u00e9s alkalmazkod\u00f3k\u00e9pess\u00e9get ig\u00e9nyelnek, t\u00fckr\u00f6zi a GPD elk\u00f6telezetts\u00e9g\u00e9t az ultrahordozhat\u00f3 sz\u00e1m\u00edt\u00e1stechnika hat\u00e1rainak kitol\u00e1sa ir\u00e1nt. A <a href=\"https:\/\/gpdstore.net\/gpd-mini-laptop\/gpd-pocket-4\/\" data-type=\"link\" data-id=\"https:\/\/gpdstore.net\/gpd-mini-laptop\/gpd-pocket-4\/\" target=\"_blank\" rel=\"noreferrer noopener\">GPD Pocket 4<\/a> nem csup\u00e1n egy nagy teljes\u00edtm\u00e9ny\u0171 termel\u00e9kenys\u00e9gi eszk\u00f6z; ez egy sokoldal\u00fa, ipar\u00e1gi c\u00e9l\u00fa eszk\u00f6z, amely megfelel a k\u00fcl\u00f6nb\u00f6z\u0151 ter\u00fcletek szakembereinek v\u00e1ltoz\u00f3 ig\u00e9nyeinek, \u00edgy \u00e9rt\u00e9kes eszk\u00f6z a modern munkahelyeken.  <\/p>\n\n<h2 class=\"wp-block-heading\">GPD WIN 5 pletyka<\/h2>\n\n<p>Pletyk\u00e1k keringenek a k\u00f6zelg\u0151 GPD Win 5-r\u0151l, amely v\u00e1rhat\u00f3an a GPD n\u00e9pszer\u0171 k\u00e9zisz\u00e1m\u00edt\u00f3g\u00e9p\u00e9nek leg\u00fajabb tagja lesz a PC-s j\u00e1t\u00e9kokhoz. B\u00e1r a GPD semmit sem er\u0151s\u00edtett meg, a felt\u00e9telez\u00e9sek szerint a k\u00e9sz\u00fcl\u00e9kben ugyanaz az AMD Ryzen AI 9 HX 370 processzor fog dolgozni. A k\u00e9sz\u00fcl\u00e9k v\u00e1rhat\u00f3an \u00faj diz\u00e1jnt k\u00edn\u00e1l majd k\u00fcl\u00f6nb\u00f6z\u0151 fejleszt\u00e9sekkel a kijelz\u0151, az ergon\u00f3mia \u00e9s a h\u0171t\u00e9s ter\u00e9n, \u00edgy a k\u00e9zisz\u00e1m\u00edt\u00f3g\u00e9pek j\u00e1t\u00e9kpiac\u00e1nak er\u0151s versenyz\u0151je lesz, k\u00fcl\u00f6n\u00f6sen a nagy teljes\u00edtm\u00e9nyt ig\u00e9nyl\u0151 j\u00e1t\u00e9kosok sz\u00e1m\u00e1ra. A hivatalos r\u00e9szletek azonban m\u00e9g v\u00e1ratnak magukra. A <a href=\"https:\/\/gpdstore.net\/hu\/blog\/gpd-win-5-rumours\/\" target=\"_blank\" data-type=\"link\" data-id=\"https:\/\/gpdstore.net\/gpd-win-5-rumours\/\" rel=\"noreferrer noopener\">GPD WIN 5 pletyk\u00e1kr\u00f3l itt<\/a> tal\u00e1lsz egy r\u00e9szletesebb cikket.    <\/p>\n\n<h2 class=\"wp-block-heading\">eGPU dokkol\u00f3\u00e1llom\u00e1sok<\/h2>\n\n<p>A k\u00fcls\u0151 GPU-k (eGPU-k) n\u00f6veked\u00e9se 2024-ben \u00e9s 2025-ben v\u00e1rhat\u00f3an felgyorsul, amit a j\u00e1t\u00e9k- \u00e9s professzion\u00e1lis feladatokra egyar\u00e1nt alkalmas hordozhat\u00f3 eszk\u00f6z\u00f6k ir\u00e1nti n\u00f6vekv\u0151 kereslet t\u00e1pl\u00e1l. A ONEXPLAYER ONEXGPU 2 j\u00f3l p\u00e9ld\u00e1zza ezt a tendenci\u00e1t, fejlett h\u0171t\u00e9si megold\u00e1sokkal, tov\u00e1bbfejlesztett csatlakoztathat\u00f3s\u00e1ggal \u00e9s a leg\u00fajabb AMD Radeon RX 7800M GPU-val val\u00f3 kompatibilit\u00e1ssal, jelent\u0151sen n\u00f6velve a grafikus teljes\u00edtm\u00e9nyt. Ez az eGPU v\u00e1rhat\u00f3an nem csak a j\u00e1t\u00e9kban, hanem az olyan termel\u00e9kenys\u00e9gi feladatokban is jelent\u0151s l\u00f6k\u00e9st ad, mint a videoszerkeszt\u00e9s \u00e9s a 3D renderel\u00e9s, \u00edgy sokoldal\u00fa eszk\u00f6zz\u00e9 v\u00e1lik mind a j\u00e1t\u00e9kosok, mind a szakemberek sz\u00e1m\u00e1ra.  <\/p>\n\n<figure class=\"wp-block-image aligncenter size-medium is-resized\"><a href=\"https:\/\/gpdstore.net\/wp-content\/uploads\/2023\/11\/GPD-G1_2024-LISTING_DONE-IMAGE-1-600x600.png\"><img loading=\"lazy\" decoding=\"async\" width=\"600\" height=\"600\" src=\"https:\/\/gpdstore.net\/wp-content\/uploads\/2023\/11\/GPD-G1_2024-LISTING_DONE-IMAGE-1-600x600.png\" alt=\"A GPD G1 2024 el&#x151;lapja, egy eleg&#xE1;ns k&#xE9;zi j&#xE1;t&#xE9;kk&#xE9;sz&#xFC;l&#xE9;k, amely &#xE9;l&#xE9;nk kijelz&#x151;vel, ergonomikus kezel&#x151;szervekkel &#xE9;s modern diz&#xE1;jnnal rendelkezik.\" class=\"wp-image-2010\" style=\"width:294px;height:auto\" srcset=\"https:\/\/gpdstore.net\/wp-content\/uploads\/2023\/11\/GPD-G1_2024-LISTING_DONE-IMAGE-1-600x600.png 600w, https:\/\/gpdstore.net\/wp-content\/uploads\/2023\/11\/GPD-G1_2024-LISTING_DONE-IMAGE-1-1200x1200.png 1200w, https:\/\/gpdstore.net\/wp-content\/uploads\/2023\/11\/GPD-G1_2024-LISTING_DONE-IMAGE-1-150x150.png 150w, https:\/\/gpdstore.net\/wp-content\/uploads\/2023\/11\/GPD-G1_2024-LISTING_DONE-IMAGE-1-768x768.png 768w, https:\/\/gpdstore.net\/wp-content\/uploads\/2023\/11\/GPD-G1_2024-LISTING_DONE-IMAGE-1-65x65.png 65w, https:\/\/gpdstore.net\/wp-content\/uploads\/2023\/11\/GPD-G1_2024-LISTING_DONE-IMAGE-1-360x360.png 360w, https:\/\/gpdstore.net\/wp-content\/uploads\/2023\/11\/GPD-G1_2024-LISTING_DONE-IMAGE-1-990x990.png 990w, https:\/\/gpdstore.net\/wp-content\/uploads\/2023\/11\/GPD-G1_2024-LISTING_DONE-IMAGE-1-441x441.png 441w, https:\/\/gpdstore.net\/wp-content\/uploads\/2023\/11\/GPD-G1_2024-LISTING_DONE-IMAGE-1-100x100.png 100w, https:\/\/gpdstore.net\/wp-content\/uploads\/2023\/11\/GPD-G1_2024-LISTING_DONE-IMAGE-1.png 1300w\" sizes=\"(max-width: 600px) 100vw, 600px\" \/><\/a><\/figure>\n\n<p>Az ONEXGPU 2 az el\u0151dj\u00e9re \u00e9p\u00edtve nagyobb adat\u00e1tviteli sebess\u00e9get \u00e9s hat\u00e9konyabb energiagazd\u00e1lkod\u00e1st t\u00e1mogat, ami z\u00f6kken\u0151mentesebb teljes\u00edtm\u00e9nyt biztos\u00edt az er\u0151forr\u00e1s-ig\u00e9nyes alkalmaz\u00e1sokban. Ez\u00e1ltal ide\u00e1lis azon felhaszn\u00e1l\u00f3k sz\u00e1m\u00e1ra, akiknek asztali szint\u0171 grafikus teljes\u00edtm\u00e9nyre van sz\u00fcks\u00e9g\u00fck egy hordozhat\u00f3 konfigur\u00e1ci\u00f3ban. Az olyan eszk\u00f6z\u00f6kkel, mint a <a href=\"https:\/\/gpdstore.net\/gpd-handheld-gaming-pcs\/gpd-win-mini-2024\/\" target=\"_blank\" data-type=\"link\" data-id=\"https:\/\/gpdstore.net\/gpd-handheld-gaming-pcs\/gpd-win-mini-2024\/\" rel=\"noreferrer noopener\">GPD WIN Mini 2024<\/a> vagy ak\u00e1r a hamarosan megjelen\u0151 GPD Duo \u00e9s m\u00e1s kompatibilis laptopokkal p\u00e1ros\u00edtva k\u00f6nnyed\u00e9n kezeli az AAA j\u00e1t\u00e9kc\u00edmeket, mik\u00f6zben felgyors\u00edtja az olyan feladatokat, mint a vide\u00f3szerkeszt\u00e9s, lehet\u0151v\u00e9 t\u00e9ve a gyorsabb renderel\u00e9si id\u0151t \u00e9s a g\u00f6rd\u00fcl\u00e9kenyebb munkafolyamatot a kreat\u00edv alkalmaz\u00e1sokban.  <\/p>\n<div data-block-name=\"woocommerce\/featured-product\" data-edit-mode=\"false\" data-product-id=\"243534\" data-show-desc=\"false\" class=\"wc-block-featured-product alignnone has-background-dim wp-block-woocommerce-featured-product\" style=\"min-height:500px;\"><div class=\"wc-block-featured-product__wrapper\"><div class=\"background-dim__overlay\" style=\"background-color: #000000\"><\/div><img decoding=\"async\" alt=\"GPD G1 (2024) eGPU dokkol\u00f3\u00e1llom\u00e1s\" class=\"wc-block-featured-product__background-image\" src=\"https:\/\/gpdstore.net\/wp-content\/uploads\/2023\/11\/GPD-G1_2024-LISTING_DONE-IMAGE-0-1200x1200.png\" style=\"object-fit: none;object-position: 50% 50%;\" \/><h2 class=\"wc-block-featured-product__title\">GPD G1 (2024) eGPU dokkol\u00f3\u00e1llom\u00e1s<\/h2><div class=\"wc-block-featured-product__price\"><span class=\"woocommerce-Price-amount amount\">234 056,49&nbsp;<span class=\"woocommerce-Price-currencySymbol\">&#070;&#116;<\/span><\/span><\/div><div class=\"wc-block-featured-product__link\">\n\n<div class=\"wp-block-buttons is-content-justification-center is-layout-flex wp-container-core-buttons-is-layout-a89b3969 wp-block-buttons-is-layout-flex\">\n<div class=\"wp-block-button\"><a class=\"wp-block-button__link wp-element-button\" href=\"https:\/\/gpdstore.net\/accessories\/gpd-g1\/\">V\u00e1s\u00e1roljon most<\/a><\/div>\n<\/div>\n\n<\/div><\/div><\/div>\n<p>Emellett a <a href=\"https:\/\/gpdstore.net\/accessories\/gpd-g1\/\" target=\"_blank\" data-type=\"link\" data-id=\"https:\/\/gpdstore.net\/accessories\/gpd-g1\/\" rel=\"noreferrer noopener\">GPD G1 eGPU dokkol\u00f3\u00e1llom\u00e1s-sorozat<\/a> v\u00e1rhat\u00f3an tov\u00e1bbra is jelent\u0151s szerepl\u0151je lesz ennek a n\u00f6vekv\u0151 piacnak. Mi egy tov\u00e1bbfejlesztett modellt v\u00e1rn\u00e1nk az AMD Radeon RX 7800M GPU-val. Ez az eGPU nem csak a j\u00e1t\u00e9k\u00e9lm\u00e9nyt emeli magasabb k\u00e9pkockasebess\u00e9ggel \u00e9s jobb vizu\u00e1lis megjelen\u00edt\u00e9ssel, hanem a termel\u00e9kenys\u00e9gi eszk\u00f6z\u00f6ket is jav\u00edtja, lehet\u0151v\u00e9 t\u00e9ve a szakemberek sz\u00e1m\u00e1ra, hogy \u00fatk\u00f6zben is megoldj\u00e1k az olyan ig\u00e9nyes feladatokat, mint a 4K videoszerkeszt\u00e9s, az \u00f6sszetett szimul\u00e1ci\u00f3k \u00e9s a grafikus tervez\u00e9s. Ahogy ezek az eGPU-k fejl\u0151dnek, n\u00e9lk\u00fcl\u00f6zhetetlenn\u00e9 v\u00e1lnak a kompakt, hordozhat\u00f3 rendszerekben nagy teljes\u00edtm\u00e9nyt keres\u0151 felhaszn\u00e1l\u00f3k sz\u00e1m\u00e1ra.   <\/p>\n\n<h2 class=\"wp-block-heading\">J\u00f6v\u0151beli technol\u00f3giai trendek 2024-2025<\/h2>\n\n<p>A k\u00e9zi j\u00e1t\u00e9k PC-k \u00e9s a mini laptopok piac\u00e1n 2024-ben \u00e9s 2025-ben jelent\u0151s el\u0151rel\u00e9p\u00e9sek v\u00e1rhat\u00f3ak a CPU-teljes\u00edtm\u00e9ny, az AI-k\u00e9pess\u00e9gek \u00e9s az innovat\u00edv formai t\u00e9nyez\u0151k javul\u00e1sa miatt. Az AMD Ryzen AI 9 HX 370 processzor d\u00f6nt\u0151 szerepet fog j\u00e1tszani, mivel er\u0151teljes CPU- \u00e9s GPU-teljes\u00edtm\u00e9nyt k\u00edn\u00e1l a dedik\u00e1lt AI-feldolgoz\u00e1si k\u00e9pess\u00e9gek mellett. Ez a chip v\u00e1rhat\u00f3an konzolszer\u0171bb j\u00e1t\u00e9k\u00e9lm\u00e9nyt tesz lehet\u0151v\u00e9 az olyan eszk\u00f6z\u00f6k\u00f6n, mint az Xbox \u00e9s a PlayStation, valamint fejlett AI funkci\u00f3kat biztos\u00edt a hordozhat\u00f3 eszk\u00f6z\u00f6kben. Az AI integr\u00e1ci\u00f3ja egyre ink\u00e1bb elterjed\u0151ben van, \u00e9s az olyan trendek, mint az AI-jav\u00edtott grafika, az adapt\u00edv j\u00e1t\u00e9kmenet \u00e9s a procedur\u00e1lis tartalomgener\u00e1l\u00e1s, a mini laptopok \u00e9s a j\u00e1t\u00e9kk\u00e9zisz\u00e1m\u00edt\u00f3g\u00e9pek j\u00f6v\u0151j\u00e9t alak\u00edtj\u00e1k.   <\/p>\n\n<p>A k\u00e9t kijelz\u0151s laptopok \u00faj trendk\u00e9nt jelennek meg, amit az olyan k\u00e9sz\u00fcl\u00e9kek p\u00e9ld\u00e1znak, mint a <a href=\"https:\/\/gpdstore.net\/hu\/fekete-pentek-2024\/gpd-duo-2\/\" target=\"_blank\" data-type=\"link\" data-id=\"https:\/\/gpdstore.net\/laptops\/gpd-duo\/\" rel=\"noreferrer noopener\">GPD Duo<\/a>, amely kib\u0151v\u00edtett kijelz\u0151ter\u00fcletet \u00e9s sokoldal\u00fa formavil\u00e1got k\u00edn\u00e1l A GPD folytatja az innov\u00e1ci\u00f3t a <a href=\"https:\/\/gpdstore.net\/gpd-mini-laptop\/gpd-pocket-4\/\" target=\"_blank\" data-type=\"link\" data-id=\"https:\/\/gpdstore.net\/gpd-mini-laptop\/gpd-pocket-4\/\" rel=\"noreferrer noopener\">Pocket 4-gyel<\/a>, amely modul\u00e1ris portkialak\u00edt\u00e1ssal rendelkezik az ipari alkalmaz\u00e1sokhoz, \u00e9s a pletyk\u00e1k szerint a k\u00f6zelg\u0151 GPD WIN 5 tov\u00e1bbi fejleszt\u00e9seket tartalmazhat a kijelz\u0151technol\u00f3gia \u00e9s a h\u0171t\u00e9si rendszerek ter\u00e9n. Ezek a fejleszt\u00e9sek egy\u00fcttesen egy olyan j\u00f6v\u0151 fel\u00e9 mutatnak, amelyben a k\u00e9zi \u00e9s hordozhat\u00f3 PC-k egyre nagyobb teljes\u00edtm\u00e9ny\u0171, sokoldal\u00fabb \u00e9s AI-fejlesztett \u00e9lm\u00e9nyt ny\u00fajtanak, elmosva a hat\u00e1rokat a mobil \u00e9s az asztali sz\u00e1m\u00edt\u00e1stechnika k\u00f6z\u00f6tt. <\/p>\n\n<h2 class=\"wp-block-heading\">Olvas\u00f3i vita: A j\u00f6v\u0151 k\u00e9zisz\u00e1m\u00edt\u00f3g\u00e9pek: A j\u00f6v\u0151 k\u00e9zisz\u00e1m\u00edt\u00f3g\u00e9pek<\/h2>\n\n<p>Ahogyan 2025 fel\u00e9 tekint\u00fcnk, a k\u00e9zi j\u00e1t\u00e9k PC-k \u00e9s laptopok vil\u00e1ga meg\u00e9rett az innov\u00e1ci\u00f3ra. Sz\u00edvesen meghallgatn\u00e1nk gondolatait a hozz\u00e1sz\u00f3l\u00e1sokban arr\u00f3l, hogy mit rem\u00e9l 2025-ben. \u00d6nt izgatja az AI \u00e1ltal feljav\u00edtott j\u00e1t\u00e9k\u00e9lm\u00e9ny lehet\u0151s\u00e9ge, vagy ink\u00e1bb az akkumul\u00e1tor \u00e9lettartam\u00e1nak \u00e9s hordozhat\u00f3s\u00e1g\u00e1nak fejl\u0151d\u00e9se \u00e9rdekli? Tal\u00e1n a hagyom\u00e1nyos j\u00e1t\u00e9kkonzolokkal veteked\u0151, nagyobb teljes\u00edtm\u00e9ny\u0171 grafikus k\u00e9pess\u00e9gekre v\u00e1gyik, vagy tal\u00e1n a modul\u00e1ris kialak\u00edt\u00e1s lehet\u0151s\u00e9gei \u00e9rdeklik, mint amilyeneket a GPD Pocket 4-ben l\u00e1thatunk.   <\/p>\n\n<p>Oszd meg a hozz\u00e1sz\u00f3l\u00e1sokban a hordozhat\u00f3 eszk\u00f6z\u00f6k j\u00f6v\u0151j\u00e9vel kapcsolatos \u00f6tleteidet \u00e9s k\u00edv\u00e1ns\u00e1glist\u00e1dat. Legyen sz\u00f3 hardveres specifik\u00e1ci\u00f3kr\u00f3l, szoftveres integr\u00e1ci\u00f3r\u00f3l vagy teljesen \u00faj formavil\u00e1gr\u00f3l. Az \u00d6n hozz\u00e1j\u00e1rul\u00e1sa \u00e9rt\u00e9kes betekint\u00e9st ny\u00fajthat abba, hogy ez az izgalmas technol\u00f3gia milyen ir\u00e1nyt vehet a k\u00f6zelj\u00f6v\u0151ben.  <\/p>\n","protected":false},"excerpt":{"rendered":"<p>A mini laptopok \u00e9s k\u00e9zi j\u00e1t\u00e9k PC-k piaca 2024-ben \u00e9s azon t\u00fal is jelent\u0151s fejl\u0151d\u00e9sre sz\u00e1m\u00edthat.<\/p>\n","protected":false},"author":76,"featured_media":127217,"comment_status":"open","ping_status":"closed","sticky":false,"template":"","format":"standard","meta":{"_acf_changed":false,"footnotes":""},"categories":[5136],"tags":[5098,5099,5097,5194],"class_list":["post-127209","post","type-post","status-publish","format-standard","has-post-thumbnail","hentry","category-hirek","tag-gpd-hu","tag-gpd-duo-hu","tag-gpd-g1-hu","tag-gpd-pocket-4-hu"],"acf":[],"aioseo_notices":[],"_links":{"self":[{"href":"https:\/\/gpdstore.net\/hu\/wp-json\/wp\/v2\/posts\/127209","targetHints":{"allow":["GET"]}}],"collection":[{"href":"https:\/\/gpdstore.net\/hu\/wp-json\/wp\/v2\/posts"}],"about":[{"href":"https:\/\/gpdstore.net\/hu\/wp-json\/wp\/v2\/types\/post"}],"author":[{"embeddable":true,"href":"https:\/\/gpdstore.net\/hu\/wp-json\/wp\/v2\/users\/76"}],"replies":[{"embeddable":true,"href":"https:\/\/gpdstore.net\/hu\/wp-json\/wp\/v2\/comments?post=127209"}],"version-history":[{"count":0,"href":"https:\/\/gpdstore.net\/hu\/wp-json\/wp\/v2\/posts\/127209\/revisions"}],"wp:featuredmedia":[{"embeddable":true,"href":"https:\/\/gpdstore.net\/hu\/wp-json\/wp\/v2\/media\/127217"}],"wp:attachment":[{"href":"https:\/\/gpdstore.net\/hu\/wp-json\/wp\/v2\/media?parent=127209"}],"wp:term":[{"taxonomy":"category","embeddable":true,"href":"https:\/\/gpdstore.net\/hu\/wp-json\/wp\/v2\/categories?post=127209"},{"taxonomy":"post_tag","embeddable":true,"href":"https:\/\/gpdstore.net\/hu\/wp-json\/wp\/v2\/tags?post=127209"}],"curies":[{"name":"wp","href":"https:\/\/api.w.org\/{rel}","templated":true}]}}